{"id":2607,"date":"2018-05-17T09:37:40","date_gmt":"2018-05-17T07:37:40","guid":{"rendered":"https:\/\/staging.leroybiotech.com\/?p=2607\/"},"modified":"2018-06-05T11:05:52","modified_gmt":"2018-06-05T09:05:52","slug":"le-premier-seminaire-en-pologne-sur-le-traitement-des-tumeurs-cutanees","status":"publish","type":"post","link":"https:\/\/staging.leroybiotech.com\/fr\/le-premier-seminaire-en-pologne-sur-le-traitement-des-tumeurs-cutanees\/","title":{"rendered":"Le premier s\u00e9minaire en Pologne sur le traitement des tumeurs cutan\u00e9es"},"content":{"rendered":"<div class=\"wpb-content-wrapper\"><p>[vc_row][vc_column][vc_single_image image=\u00a0\u00bb1845&Prime; img_size=\u00a0\u00bbfull\u00a0\u00bb alignment=\u00a0\u00bbcenter\u00a0\u00bb]<div class=\"ult-spacer spacer-69f73dc53a27a\" data-id=\"69f73dc53a27a\" data-height=\"10\" data-height-mobile=\"10\" data-height-tab=\"10\" data-height-tab-portrait=\"\" data-height-mobile-landscape=\"\" style=\"clear:both;display:block;\"><\/div>[vc_column_text]Le 15 octobre 2016 \u00e0 L\u00f3dz s\u2019est tenu le premier s\u00e9minaire en Pologne sur le traitement des tumeurs cutan\u00e9es par \u00e9lectrochimioth\u00e9rapie (ECT) en m\u00e9decine v\u00e9t\u00e9rinaire. Durant celui-ci, des v\u00e9t\u00e9rinaires traitant des patients en oncologie ont particip\u00e9.<\/p>\n<p>La professeure Natasa Tozon de l\u2019Universit\u00e9 de Ljubljana a partag\u00e9 ses 20 ans d\u2019exp\u00e9rience en \u00e9lectrochimioth\u00e9rapie sur les chiens et les chats. Elle a pr\u00e9sent\u00e9 l\u2019impact de l\u2019\u00e9lectrochimioth\u00e9rapie sur les cellules et les tumeurs, et les \u00e9tudes cliniques qu\u2019elle dirige sur l\u2019\u00e9lectrog\u00e8neth\u00e9rapie.<\/p>\n<p>Apr\u00e8s avoir utilis\u00e9 l\u2019\u00e9lectrochimioth\u00e9rapie en Pologne pendant un an, les Docteurs en M\u00e9decine V\u00e9t\u00e9rinaire Jaroslaw Balcerzak et Sebastian Borowik ont partag\u00e9 leur exp\u00e9rience, pr\u00e9sent\u00e9 des cas cliniques, discut\u00e9 des pours et des contres de l\u2019ECT et de son influence sur le syst\u00e8me cardiovasculaire, des effets secondaires et des aspects pratiques du traitement.<\/p>\n<p>&nbsp;<\/p>\n<p>Dominika Gajdzicka de l\u2019entrperise Skamex \u2013 le principal sponsor du s\u00e9minaire, exposa les conditions de s\u00e9curit\u00e9 de l\u2019utilisation des m\u00e9dicaments cytotoxiques et pr\u00e9senta les aspects pratiques de l\u2019injection de m\u00e9dicaments cytotoxiques.<\/p>\n<p>&nbsp;<\/p>\n<p>Krzysztof Szulc, Docteur en M\u00e9decine V\u00e9t\u00e9rinaire pr\u00e9senta les \u00e9lectroporateurs et parla des aspects \u00e9conomiques de l\u2019utilisation du traitement.<\/p>\n<p>&nbsp;<\/p>\n<p>Le S\u00e9minaire \u00e9tait organis\u00e9 par l\u2019entreprise VETISS, distributeur en m\u00e9decine v\u00e9t\u00e9rinaire en Pologne de machines \u00e0 ultrasons et de l\u2019ELECTROvet S13 et EZ de LEROY Biotech. 40 participants \u00e9taient pr\u00e9sents los du s\u00e9minaire et ont montr\u00e9 un int\u00e9r\u00eat pour l\u2019ECT en tant que nouvelle m\u00e9thode de traitement des tumeurs.<\/p>\n<p>&nbsp;<\/p>\n<p>De nos jours en Pologne l\u2019\u00e9lectrochimioth\u00e9rapie est propos\u00e9e dans 6 cliniques \u2013 \u00e0 Cracovie, Varsovie et Tricit\u00e9.[\/vc_column_text][\/vc_column][\/vc_row][vc_row][vc_column][\/vc_column][\/vc_row]<\/p>\n<\/div>","protected":false},"excerpt":{"rendered":"<p>[vc_row][vc_column][vc_single_image image=\u00a0\u00bb1845&Prime; img_size=\u00a0\u00bbfull\u00a0\u00bb alignment=\u00a0\u00bbcenter\u00a0\u00bb][vc_column_text]Le 15 octobre 2016 \u00e0 L\u00f3dz s\u2019est tenu le premier s\u00e9minaire en Pologne sur le traitement des [&hellip;]<\/p>\n","protected":false},"author":6,"featured_media":1845,"comment_status":"open","ping_status":"open","sticky":false,"template":"","format":"standard","meta":{"footnotes":""},"categories":[23,8],"tags":[],"class_list":["post-2607","post","type-post","status-publish","format-standard","has-post-thumbnail","hentry","category-actualites","category-non-classifiee"],"yoast_head":"<!-- This site is optimized with the Yoast SEO plugin v25.6 - https:\/\/yoast.com\/wordpress\/plugins\/seo\/ -->\n<title>Le premier s\u00e9minaire en Pologne sur le traitement des tumeurs cutan\u00e9es Leroy Biotech<\/title>\n<meta name=\"robots\" content=\"noindex, follow, max-snippet:-1, max-image-preview:large, max-video-preview:-1\" \/>\n<meta property=\"og:locale\" content=\"fr_FR\" \/>\n<meta property=\"og:type\" content=\"article\" \/>\n<meta property=\"og:title\" content=\"Le premier s\u00e9minaire en Pologne sur le traitement des tumeurs cutan\u00e9es Leroy Biotech\" \/>\n<meta property=\"og:description\" content=\"[vc_row][vc_column][vc_single_image image=\u00a0\u00bb1845&Prime; img_size=\u00a0\u00bbfull\u00a0\u00bb alignment=\u00a0\u00bbcenter\u00a0\u00bb][vc_column_text]Le 15 octobre 2016 \u00e0 L\u00f3dz s\u2019est tenu le premier s\u00e9minaire en Pologne sur le traitement des [&hellip;]\" \/>\n<meta property=\"og:url\" content=\"https:\/\/staging.leroybiotech.com\/fr\/le-premier-seminaire-en-pologne-sur-le-traitement-des-tumeurs-cutanees\/\" \/>\n<meta property=\"og:site_name\" content=\"Leroy Biotech\" \/>\n<meta property=\"article:published_time\" content=\"2018-05-17T07:37:40+00:00\" \/>\n<meta property=\"article:modified_time\" content=\"2018-06-05T09:05:52+00:00\" \/>\n<meta property=\"og:image\" content=\"https:\/\/staging.leroybiotech.com\/wp-content\/uploads\/2017\/03\/P1020803a.jpeg\" \/>\n\t<meta property=\"og:image:width\" content=\"1280\" \/>\n\t<meta property=\"og:image:height\" content=\"853\" \/>\n\t<meta property=\"og:image:type\" content=\"image\/jpeg\" \/>\n<meta name=\"author\" content=\"Quentin Senlecque\" \/>\n<meta name=\"twitter:card\" content=\"summary_large_image\" \/>\n<meta name=\"twitter:label1\" content=\"\u00c9crit par\" \/>\n\t<meta name=\"twitter:data1\" content=\"Quentin Senlecque\" \/>\n\t<meta name=\"twitter:label2\" content=\"Dur\u00e9e de lecture estim\u00e9e\" \/>\n\t<meta name=\"twitter:data2\" content=\"2 minutes\" \/>\n<script type=\"application\/ld+json\" class=\"yoast-schema-graph\">{\"@context\":\"https:\/\/schema.org\",\"@graph\":[{\"@type\":\"WebPage\",\"@id\":\"https:\/\/staging.leroybiotech.com\/fr\/le-premier-seminaire-en-pologne-sur-le-traitement-des-tumeurs-cutanees\/\",\"url\":\"https:\/\/staging.leroybiotech.com\/fr\/le-premier-seminaire-en-pologne-sur-le-traitement-des-tumeurs-cutanees\/\",\"name\":\"Le premier s\u00e9minaire en Pologne sur le traitement des tumeurs cutan\u00e9es Leroy Biotech\",\"isPartOf\":{\"@id\":\"https:\/\/staging.leroybiotech.com\/#website\"},\"primaryImageOfPage\":{\"@id\":\"https:\/\/staging.leroybiotech.com\/fr\/le-premier-seminaire-en-pologne-sur-le-traitement-des-tumeurs-cutanees\/#primaryimage\"},\"image\":{\"@id\":\"https:\/\/staging.leroybiotech.com\/fr\/le-premier-seminaire-en-pologne-sur-le-traitement-des-tumeurs-cutanees\/#primaryimage\"},\"thumbnailUrl\":\"https:\/\/staging.leroybiotech.com\/wp-content\/uploads\/2017\/03\/P1020803a.jpeg\",\"datePublished\":\"2018-05-17T07:37:40+00:00\",\"dateModified\":\"2018-06-05T09:05:52+00:00\",\"author\":{\"@id\":\"https:\/\/staging.leroybiotech.com\/#\/schema\/person\/96fe70af0814e755def5330ce2eaf344\"},\"breadcrumb\":{\"@id\":\"https:\/\/staging.leroybiotech.com\/fr\/le-premier-seminaire-en-pologne-sur-le-traitement-des-tumeurs-cutanees\/#breadcrumb\"},\"inLanguage\":\"fr-FR\",\"potentialAction\":[{\"@type\":\"ReadAction\",\"target\":[\"https:\/\/staging.leroybiotech.com\/fr\/le-premier-seminaire-en-pologne-sur-le-traitement-des-tumeurs-cutanees\/\"]}]},{\"@type\":\"ImageObject\",\"inLanguage\":\"fr-FR\",\"@id\":\"https:\/\/staging.leroybiotech.com\/fr\/le-premier-seminaire-en-pologne-sur-le-traitement-des-tumeurs-cutanees\/#primaryimage\",\"url\":\"https:\/\/staging.leroybiotech.com\/wp-content\/uploads\/2017\/03\/P1020803a.jpeg\",\"contentUrl\":\"https:\/\/staging.leroybiotech.com\/wp-content\/uploads\/2017\/03\/P1020803a.jpeg\",\"width\":1280,\"height\":853},{\"@type\":\"BreadcrumbList\",\"@id\":\"https:\/\/staging.leroybiotech.com\/fr\/le-premier-seminaire-en-pologne-sur-le-traitement-des-tumeurs-cutanees\/#breadcrumb\",\"itemListElement\":[{\"@type\":\"ListItem\",\"position\":1,\"name\":\"Home\",\"item\":\"https:\/\/staging.leroybiotech.com\/fr\/\"},{\"@type\":\"ListItem\",\"position\":2,\"name\":\"Le premier s\u00e9minaire en Pologne sur le traitement des tumeurs cutan\u00e9es\"}]},{\"@type\":\"WebSite\",\"@id\":\"https:\/\/staging.leroybiotech.com\/#website\",\"url\":\"https:\/\/staging.leroybiotech.com\/\",\"name\":\"Leroy Biotech\",\"description\":\"\",\"potentialAction\":[{\"@type\":\"SearchAction\",\"target\":{\"@type\":\"EntryPoint\",\"urlTemplate\":\"https:\/\/staging.leroybiotech.com\/?s={search_term_string}\"},\"query-input\":{\"@type\":\"PropertyValueSpecification\",\"valueRequired\":true,\"valueName\":\"search_term_string\"}}],\"inLanguage\":\"fr-FR\"},{\"@type\":\"Person\",\"@id\":\"https:\/\/staging.leroybiotech.com\/#\/schema\/person\/96fe70af0814e755def5330ce2eaf344\",\"name\":\"Quentin Senlecque\",\"image\":{\"@type\":\"ImageObject\",\"inLanguage\":\"fr-FR\",\"@id\":\"https:\/\/staging.leroybiotech.com\/#\/schema\/person\/image\/\",\"url\":\"https:\/\/secure.gravatar.com\/avatar\/04f31a8b001dc8050377c1ad5babffc6?s=96&d=mm&r=g\",\"contentUrl\":\"https:\/\/secure.gravatar.com\/avatar\/04f31a8b001dc8050377c1ad5babffc6?s=96&d=mm&r=g\",\"caption\":\"Quentin Senlecque\"}}]}<\/script>\n<!-- \/ Yoast SEO plugin. -->","yoast_head_json":{"title":"Le premier s\u00e9minaire en Pologne sur le traitement des tumeurs cutan\u00e9es Leroy Biotech","robots":{"index":"noindex","follow":"follow","max-snippet":"max-snippet:-1","max-image-preview":"max-image-preview:large","max-video-preview":"max-video-preview:-1"},"og_locale":"fr_FR","og_type":"article","og_title":"Le premier s\u00e9minaire en Pologne sur le traitement des tumeurs cutan\u00e9es Leroy Biotech","og_description":"[vc_row][vc_column][vc_single_image image=\u00a0\u00bb1845&Prime; img_size=\u00a0\u00bbfull\u00a0\u00bb alignment=\u00a0\u00bbcenter\u00a0\u00bb][vc_column_text]Le 15 octobre 2016 \u00e0 L\u00f3dz s\u2019est tenu le premier s\u00e9minaire en Pologne sur le traitement des [&hellip;]","og_url":"https:\/\/staging.leroybiotech.com\/fr\/le-premier-seminaire-en-pologne-sur-le-traitement-des-tumeurs-cutanees\/","og_site_name":"Leroy Biotech","article_published_time":"2018-05-17T07:37:40+00:00","article_modified_time":"2018-06-05T09:05:52+00:00","og_image":[{"width":1280,"height":853,"url":"https:\/\/staging.leroybiotech.com\/wp-content\/uploads\/2017\/03\/P1020803a.jpeg","type":"image\/jpeg"}],"author":"Quentin Senlecque","twitter_card":"summary_large_image","twitter_misc":{"\u00c9crit par":"Quentin Senlecque","Dur\u00e9e de lecture estim\u00e9e":"2 minutes"},"schema":{"@context":"https:\/\/schema.org","@graph":[{"@type":"WebPage","@id":"https:\/\/staging.leroybiotech.com\/fr\/le-premier-seminaire-en-pologne-sur-le-traitement-des-tumeurs-cutanees\/","url":"https:\/\/staging.leroybiotech.com\/fr\/le-premier-seminaire-en-pologne-sur-le-traitement-des-tumeurs-cutanees\/","name":"Le premier s\u00e9minaire en Pologne sur le traitement des tumeurs cutan\u00e9es Leroy Biotech","isPartOf":{"@id":"https:\/\/staging.leroybiotech.com\/#website"},"primaryImageOfPage":{"@id":"https:\/\/staging.leroybiotech.com\/fr\/le-premier-seminaire-en-pologne-sur-le-traitement-des-tumeurs-cutanees\/#primaryimage"},"image":{"@id":"https:\/\/staging.leroybiotech.com\/fr\/le-premier-seminaire-en-pologne-sur-le-traitement-des-tumeurs-cutanees\/#primaryimage"},"thumbnailUrl":"https:\/\/staging.leroybiotech.com\/wp-content\/uploads\/2017\/03\/P1020803a.jpeg","datePublished":"2018-05-17T07:37:40+00:00","dateModified":"2018-06-05T09:05:52+00:00","author":{"@id":"https:\/\/staging.leroybiotech.com\/#\/schema\/person\/96fe70af0814e755def5330ce2eaf344"},"breadcrumb":{"@id":"https:\/\/staging.leroybiotech.com\/fr\/le-premier-seminaire-en-pologne-sur-le-traitement-des-tumeurs-cutanees\/#breadcrumb"},"inLanguage":"fr-FR","potentialAction":[{"@type":"ReadAction","target":["https:\/\/staging.leroybiotech.com\/fr\/le-premier-seminaire-en-pologne-sur-le-traitement-des-tumeurs-cutanees\/"]}]},{"@type":"ImageObject","inLanguage":"fr-FR","@id":"https:\/\/staging.leroybiotech.com\/fr\/le-premier-seminaire-en-pologne-sur-le-traitement-des-tumeurs-cutanees\/#primaryimage","url":"https:\/\/staging.leroybiotech.com\/wp-content\/uploads\/2017\/03\/P1020803a.jpeg","contentUrl":"https:\/\/staging.leroybiotech.com\/wp-content\/uploads\/2017\/03\/P1020803a.jpeg","width":1280,"height":853},{"@type":"BreadcrumbList","@id":"https:\/\/staging.leroybiotech.com\/fr\/le-premier-seminaire-en-pologne-sur-le-traitement-des-tumeurs-cutanees\/#breadcrumb","itemListElement":[{"@type":"ListItem","position":1,"name":"Home","item":"https:\/\/staging.leroybiotech.com\/fr\/"},{"@type":"ListItem","position":2,"name":"Le premier s\u00e9minaire en Pologne sur le traitement des tumeurs cutan\u00e9es"}]},{"@type":"WebSite","@id":"https:\/\/staging.leroybiotech.com\/#website","url":"https:\/\/staging.leroybiotech.com\/","name":"Leroy Biotech","description":"","potentialAction":[{"@type":"SearchAction","target":{"@type":"EntryPoint","urlTemplate":"https:\/\/staging.leroybiotech.com\/?s={search_term_string}"},"query-input":{"@type":"PropertyValueSpecification","valueRequired":true,"valueName":"search_term_string"}}],"inLanguage":"fr-FR"},{"@type":"Person","@id":"https:\/\/staging.leroybiotech.com\/#\/schema\/person\/96fe70af0814e755def5330ce2eaf344","name":"Quentin Senlecque","image":{"@type":"ImageObject","inLanguage":"fr-FR","@id":"https:\/\/staging.leroybiotech.com\/#\/schema\/person\/image\/","url":"https:\/\/secure.gravatar.com\/avatar\/04f31a8b001dc8050377c1ad5babffc6?s=96&d=mm&r=g","contentUrl":"https:\/\/secure.gravatar.com\/avatar\/04f31a8b001dc8050377c1ad5babffc6?s=96&d=mm&r=g","caption":"Quentin Senlecque"}}]}},"_links":{"self":[{"href":"https:\/\/staging.leroybiotech.com\/fr\/wp-json\/wp\/v2\/posts\/2607"}],"collection":[{"href":"https:\/\/staging.leroybiotech.com\/fr\/wp-json\/wp\/v2\/posts"}],"about":[{"href":"https:\/\/staging.leroybiotech.com\/fr\/wp-json\/wp\/v2\/types\/post"}],"author":[{"embeddable":true,"href":"https:\/\/staging.leroybiotech.com\/fr\/wp-json\/wp\/v2\/users\/6"}],"replies":[{"embeddable":true,"href":"https:\/\/staging.leroybiotech.com\/fr\/wp-json\/wp\/v2\/comments?post=2607"}],"version-history":[{"count":3,"href":"https:\/\/staging.leroybiotech.com\/fr\/wp-json\/wp\/v2\/posts\/2607\/revisions"}],"predecessor-version":[{"id":2914,"href":"https:\/\/staging.leroybiotech.com\/fr\/wp-json\/wp\/v2\/posts\/2607\/revisions\/2914"}],"wp:featuredmedia":[{"embeddable":true,"href":"https:\/\/staging.leroybiotech.com\/fr\/wp-json\/wp\/v2\/media\/1845"}],"wp:attachment":[{"href":"https:\/\/staging.leroybiotech.com\/fr\/wp-json\/wp\/v2\/media?parent=2607"}],"wp:term":[{"taxonomy":"category","embeddable":true,"href":"https:\/\/staging.leroybiotech.com\/fr\/wp-json\/wp\/v2\/categories?post=2607"},{"taxonomy":"post_tag","embeddable":true,"href":"https:\/\/staging.leroybiotech.com\/fr\/wp-json\/wp\/v2\/tags?post=2607"}],"curies":[{"name":"wp","href":"https:\/\/api.w.org\/{rel}","templated":true}]}}