{"id":3175,"date":"2018-09-07T13:34:14","date_gmt":"2018-09-07T11:34:14","guid":{"rendered":"https:\/\/staging.leroybiotech.com\/?p=3175\/"},"modified":"2018-09-07T13:34:14","modified_gmt":"2018-09-07T11:34:14","slug":"notre-participation-au-congres-ecvim-ca-rotterdam","status":"publish","type":"post","link":"https:\/\/staging.leroybiotech.com\/fr\/notre-participation-au-congres-ecvim-ca-rotterdam\/","title":{"rendered":"Notre participation au Congr\u00e8s ECVIM-CA \u00e0 Rotterdam"},"content":{"rendered":"<div class=\"wpb-content-wrapper\"><p>[vc_row][vc_column][vc_single_image image=\u00a0\u00bb3173&Prime; img_size=\u00a0\u00bbfull\u00a0\u00bb alignment=\u00a0\u00bbcenter\u00a0\u00bb]<div class=\"ult-spacer spacer-69f73c4d55142\" data-id=\"69f73c4d55142\" data-height=\"10\" data-height-mobile=\"10\" data-height-tab=\"10\" data-height-tab-portrait=\"\" data-height-mobile-landscape=\"\" style=\"clear:both;display:block;\"><\/div>[vc_column_text]Nous sommes de nouveau pr\u00e9sents au Congr\u00e8s ECVIM-CA \u00e0 Rotterdam aux Pays-Bas. Venez nous voir\u00a0au stand 10B nous serons heureux de vous rencontrer et de vous pr\u00e9senter nos produits. Nous vous attendons ![\/vc_column_text][\/vc_column][\/vc_row]<\/p>\n<\/div>","protected":false},"excerpt":{"rendered":"<p>[vc_row][vc_column][vc_single_image image=\u00a0\u00bb3173&Prime; img_size=\u00a0\u00bbfull\u00a0\u00bb alignment=\u00a0\u00bbcenter\u00a0\u00bb][vc_column_text]Nous sommes de nouveau pr\u00e9sents au Congr\u00e8s ECVIM-CA \u00e0 Rotterdam aux Pays-Bas. Venez nous voir\u00a0au stand 10B [&hellip;]<\/p>\n","protected":false},"author":6,"featured_media":3173,"comment_status":"open","ping_status":"open","sticky":false,"template":"","format":"standard","meta":{"footnotes":""},"categories":[23],"tags":[],"class_list":["post-3175","post","type-post","status-publish","format-standard","has-post-thumbnail","hentry","category-actualites"],"yoast_head":"<!-- This site is optimized with the Yoast SEO plugin v25.6 - https:\/\/yoast.com\/wordpress\/plugins\/seo\/ -->\n<title>Notre participation au Congr\u00e8s ECVIM-CA \u00e0 Rotterdam Leroy Biotech<\/title>\n<meta name=\"robots\" content=\"noindex, follow, max-snippet:-1, max-image-preview:large, max-video-preview:-1\" \/>\n<meta property=\"og:locale\" content=\"fr_FR\" \/>\n<meta property=\"og:type\" content=\"article\" \/>\n<meta property=\"og:title\" content=\"Notre participation au Congr\u00e8s ECVIM-CA \u00e0 Rotterdam Leroy Biotech\" \/>\n<meta property=\"og:description\" content=\"[vc_row][vc_column][vc_single_image image=\u00a0\u00bb3173&Prime; img_size=\u00a0\u00bbfull\u00a0\u00bb alignment=\u00a0\u00bbcenter\u00a0\u00bb][vc_column_text]Nous sommes de nouveau pr\u00e9sents au Congr\u00e8s ECVIM-CA \u00e0 Rotterdam aux Pays-Bas. Venez nous voir\u00a0au stand 10B [&hellip;]\" \/>\n<meta property=\"og:url\" content=\"https:\/\/staging.leroybiotech.com\/fr\/notre-participation-au-congres-ecvim-ca-rotterdam\/\" \/>\n<meta property=\"og:site_name\" content=\"Leroy Biotech\" \/>\n<meta property=\"article:published_time\" content=\"2018-09-07T11:34:14+00:00\" \/>\n<meta property=\"og:image\" content=\"https:\/\/staging.leroybiotech.com\/wp-content\/uploads\/2018\/09\/IMG_2008.jpg\" \/>\n\t<meta property=\"og:image:width\" content=\"3640\" \/>\n\t<meta property=\"og:image:height\" content=\"2730\" \/>\n\t<meta property=\"og:image:type\" content=\"image\/jpeg\" \/>\n<meta name=\"author\" content=\"Quentin Senlecque\" \/>\n<meta name=\"twitter:card\" content=\"summary_large_image\" \/>\n<meta name=\"twitter:label1\" content=\"\u00c9crit par\" \/>\n\t<meta name=\"twitter:data1\" content=\"Quentin Senlecque\" \/>\n<script type=\"application\/ld+json\" class=\"yoast-schema-graph\">{\"@context\":\"https:\/\/schema.org\",\"@graph\":[{\"@type\":\"WebPage\",\"@id\":\"https:\/\/staging.leroybiotech.com\/fr\/notre-participation-au-congres-ecvim-ca-rotterdam\/\",\"url\":\"https:\/\/staging.leroybiotech.com\/fr\/notre-participation-au-congres-ecvim-ca-rotterdam\/\",\"name\":\"Notre participation au Congr\u00e8s ECVIM-CA \u00e0 Rotterdam Leroy Biotech\",\"isPartOf\":{\"@id\":\"https:\/\/staging.leroybiotech.com\/#website\"},\"primaryImageOfPage\":{\"@id\":\"https:\/\/staging.leroybiotech.com\/fr\/notre-participation-au-congres-ecvim-ca-rotterdam\/#primaryimage\"},\"image\":{\"@id\":\"https:\/\/staging.leroybiotech.com\/fr\/notre-participation-au-congres-ecvim-ca-rotterdam\/#primaryimage\"},\"thumbnailUrl\":\"https:\/\/staging.leroybiotech.com\/wp-content\/uploads\/2018\/09\/IMG_2008.jpg\",\"datePublished\":\"2018-09-07T11:34:14+00:00\",\"author\":{\"@id\":\"https:\/\/staging.leroybiotech.com\/#\/schema\/person\/96fe70af0814e755def5330ce2eaf344\"},\"breadcrumb\":{\"@id\":\"https:\/\/staging.leroybiotech.com\/fr\/notre-participation-au-congres-ecvim-ca-rotterdam\/#breadcrumb\"},\"inLanguage\":\"fr-FR\",\"potentialAction\":[{\"@type\":\"ReadAction\",\"target\":[\"https:\/\/staging.leroybiotech.com\/fr\/notre-participation-au-congres-ecvim-ca-rotterdam\/\"]}]},{\"@type\":\"ImageObject\",\"inLanguage\":\"fr-FR\",\"@id\":\"https:\/\/staging.leroybiotech.com\/fr\/notre-participation-au-congres-ecvim-ca-rotterdam\/#primaryimage\",\"url\":\"https:\/\/staging.leroybiotech.com\/wp-content\/uploads\/2018\/09\/IMG_2008.jpg\",\"contentUrl\":\"https:\/\/staging.leroybiotech.com\/wp-content\/uploads\/2018\/09\/IMG_2008.jpg\",\"width\":3640,\"height\":2730},{\"@type\":\"BreadcrumbList\",\"@id\":\"https:\/\/staging.leroybiotech.com\/fr\/notre-participation-au-congres-ecvim-ca-rotterdam\/#breadcrumb\",\"itemListElement\":[{\"@type\":\"ListItem\",\"position\":1,\"name\":\"Home\",\"item\":\"https:\/\/staging.leroybiotech.com\/fr\/\"},{\"@type\":\"ListItem\",\"position\":2,\"name\":\"Notre participation au Congr\u00e8s ECVIM-CA \u00e0 Rotterdam\"}]},{\"@type\":\"WebSite\",\"@id\":\"https:\/\/staging.leroybiotech.com\/#website\",\"url\":\"https:\/\/staging.leroybiotech.com\/\",\"name\":\"Leroy Biotech\",\"description\":\"\",\"potentialAction\":[{\"@type\":\"SearchAction\",\"target\":{\"@type\":\"EntryPoint\",\"urlTemplate\":\"https:\/\/staging.leroybiotech.com\/?s={search_term_string}\"},\"query-input\":{\"@type\":\"PropertyValueSpecification\",\"valueRequired\":true,\"valueName\":\"search_term_string\"}}],\"inLanguage\":\"fr-FR\"},{\"@type\":\"Person\",\"@id\":\"https:\/\/staging.leroybiotech.com\/#\/schema\/person\/96fe70af0814e755def5330ce2eaf344\",\"name\":\"Quentin Senlecque\",\"image\":{\"@type\":\"ImageObject\",\"inLanguage\":\"fr-FR\",\"@id\":\"https:\/\/staging.leroybiotech.com\/#\/schema\/person\/image\/\",\"url\":\"https:\/\/secure.gravatar.com\/avatar\/04f31a8b001dc8050377c1ad5babffc6?s=96&d=mm&r=g\",\"contentUrl\":\"https:\/\/secure.gravatar.com\/avatar\/04f31a8b001dc8050377c1ad5babffc6?s=96&d=mm&r=g\",\"caption\":\"Quentin Senlecque\"}}]}<\/script>\n<!-- \/ Yoast SEO plugin. -->","yoast_head_json":{"title":"Notre participation au Congr\u00e8s ECVIM-CA \u00e0 Rotterdam Leroy Biotech","robots":{"index":"noindex","follow":"follow","max-snippet":"max-snippet:-1","max-image-preview":"max-image-preview:large","max-video-preview":"max-video-preview:-1"},"og_locale":"fr_FR","og_type":"article","og_title":"Notre participation au Congr\u00e8s ECVIM-CA \u00e0 Rotterdam Leroy Biotech","og_description":"[vc_row][vc_column][vc_single_image image=\u00a0\u00bb3173&Prime; img_size=\u00a0\u00bbfull\u00a0\u00bb alignment=\u00a0\u00bbcenter\u00a0\u00bb][vc_column_text]Nous sommes de nouveau pr\u00e9sents au Congr\u00e8s ECVIM-CA \u00e0 Rotterdam aux Pays-Bas. Venez nous voir\u00a0au stand 10B [&hellip;]","og_url":"https:\/\/staging.leroybiotech.com\/fr\/notre-participation-au-congres-ecvim-ca-rotterdam\/","og_site_name":"Leroy Biotech","article_published_time":"2018-09-07T11:34:14+00:00","og_image":[{"width":3640,"height":2730,"url":"https:\/\/staging.leroybiotech.com\/wp-content\/uploads\/2018\/09\/IMG_2008.jpg","type":"image\/jpeg"}],"author":"Quentin Senlecque","twitter_card":"summary_large_image","twitter_misc":{"\u00c9crit par":"Quentin Senlecque"},"schema":{"@context":"https:\/\/schema.org","@graph":[{"@type":"WebPage","@id":"https:\/\/staging.leroybiotech.com\/fr\/notre-participation-au-congres-ecvim-ca-rotterdam\/","url":"https:\/\/staging.leroybiotech.com\/fr\/notre-participation-au-congres-ecvim-ca-rotterdam\/","name":"Notre participation au Congr\u00e8s ECVIM-CA \u00e0 Rotterdam Leroy Biotech","isPartOf":{"@id":"https:\/\/staging.leroybiotech.com\/#website"},"primaryImageOfPage":{"@id":"https:\/\/staging.leroybiotech.com\/fr\/notre-participation-au-congres-ecvim-ca-rotterdam\/#primaryimage"},"image":{"@id":"https:\/\/staging.leroybiotech.com\/fr\/notre-participation-au-congres-ecvim-ca-rotterdam\/#primaryimage"},"thumbnailUrl":"https:\/\/staging.leroybiotech.com\/wp-content\/uploads\/2018\/09\/IMG_2008.jpg","datePublished":"2018-09-07T11:34:14+00:00","author":{"@id":"https:\/\/staging.leroybiotech.com\/#\/schema\/person\/96fe70af0814e755def5330ce2eaf344"},"breadcrumb":{"@id":"https:\/\/staging.leroybiotech.com\/fr\/notre-participation-au-congres-ecvim-ca-rotterdam\/#breadcrumb"},"inLanguage":"fr-FR","potentialAction":[{"@type":"ReadAction","target":["https:\/\/staging.leroybiotech.com\/fr\/notre-participation-au-congres-ecvim-ca-rotterdam\/"]}]},{"@type":"ImageObject","inLanguage":"fr-FR","@id":"https:\/\/staging.leroybiotech.com\/fr\/notre-participation-au-congres-ecvim-ca-rotterdam\/#primaryimage","url":"https:\/\/staging.leroybiotech.com\/wp-content\/uploads\/2018\/09\/IMG_2008.jpg","contentUrl":"https:\/\/staging.leroybiotech.com\/wp-content\/uploads\/2018\/09\/IMG_2008.jpg","width":3640,"height":2730},{"@type":"BreadcrumbList","@id":"https:\/\/staging.leroybiotech.com\/fr\/notre-participation-au-congres-ecvim-ca-rotterdam\/#breadcrumb","itemListElement":[{"@type":"ListItem","position":1,"name":"Home","item":"https:\/\/staging.leroybiotech.com\/fr\/"},{"@type":"ListItem","position":2,"name":"Notre participation au Congr\u00e8s ECVIM-CA \u00e0 Rotterdam"}]},{"@type":"WebSite","@id":"https:\/\/staging.leroybiotech.com\/#website","url":"https:\/\/staging.leroybiotech.com\/","name":"Leroy Biotech","description":"","potentialAction":[{"@type":"SearchAction","target":{"@type":"EntryPoint","urlTemplate":"https:\/\/staging.leroybiotech.com\/?s={search_term_string}"},"query-input":{"@type":"PropertyValueSpecification","valueRequired":true,"valueName":"search_term_string"}}],"inLanguage":"fr-FR"},{"@type":"Person","@id":"https:\/\/staging.leroybiotech.com\/#\/schema\/person\/96fe70af0814e755def5330ce2eaf344","name":"Quentin Senlecque","image":{"@type":"ImageObject","inLanguage":"fr-FR","@id":"https:\/\/staging.leroybiotech.com\/#\/schema\/person\/image\/","url":"https:\/\/secure.gravatar.com\/avatar\/04f31a8b001dc8050377c1ad5babffc6?s=96&d=mm&r=g","contentUrl":"https:\/\/secure.gravatar.com\/avatar\/04f31a8b001dc8050377c1ad5babffc6?s=96&d=mm&r=g","caption":"Quentin Senlecque"}}]}},"_links":{"self":[{"href":"https:\/\/staging.leroybiotech.com\/fr\/wp-json\/wp\/v2\/posts\/3175"}],"collection":[{"href":"https:\/\/staging.leroybiotech.com\/fr\/wp-json\/wp\/v2\/posts"}],"about":[{"href":"https:\/\/staging.leroybiotech.com\/fr\/wp-json\/wp\/v2\/types\/post"}],"author":[{"embeddable":true,"href":"https:\/\/staging.leroybiotech.com\/fr\/wp-json\/wp\/v2\/users\/6"}],"replies":[{"embeddable":true,"href":"https:\/\/staging.leroybiotech.com\/fr\/wp-json\/wp\/v2\/comments?post=3175"}],"version-history":[{"count":1,"href":"https:\/\/staging.leroybiotech.com\/fr\/wp-json\/wp\/v2\/posts\/3175\/revisions"}],"predecessor-version":[{"id":3176,"href":"https:\/\/staging.leroybiotech.com\/fr\/wp-json\/wp\/v2\/posts\/3175\/revisions\/3176"}],"wp:featuredmedia":[{"embeddable":true,"href":"https:\/\/staging.leroybiotech.com\/fr\/wp-json\/wp\/v2\/media\/3173"}],"wp:attachment":[{"href":"https:\/\/staging.leroybiotech.com\/fr\/wp-json\/wp\/v2\/media?parent=3175"}],"wp:term":[{"taxonomy":"category","embeddable":true,"href":"https:\/\/staging.leroybiotech.com\/fr\/wp-json\/wp\/v2\/categories?post=3175"},{"taxonomy":"post_tag","embeddable":true,"href":"https:\/\/staging.leroybiotech.com\/fr\/wp-json\/wp\/v2\/tags?post=3175"}],"curies":[{"name":"wp","href":"https:\/\/api.w.org\/{rel}","templated":true}]}}